{"id":982,"date":"2019-09-16T14:58:02","date_gmt":"2019-09-16T14:58:02","guid":{"rendered":"http:\/\/stampaabogados.com\/?p=982"},"modified":"2022-07-02T14:59:03","modified_gmt":"2022-07-02T14:59:03","slug":"laudo-y-tutela-judicial-efectiva","status":"publish","type":"post","link":"https:\/\/www.stampaabogados.com\/en\/news\/laudo-y-tutela-judicial-efectiva\/","title":{"rendered":"Laudo y tutela judicial efectiva"},"content":{"rendered":"[vc_row type=&#8221;in_container&#8221; full_screen_row_position=&#8221;middle&#8221; column_margin=&#8221;default&#8221; column_direction=&#8221;default&#8221; column_direction_tablet=&#8221;default&#8221; column_direction_phone=&#8221;default&#8221; scene_position=&#8221;center&#8221; text_color=&#8221;dark&#8221; text_align=&#8221;left&#8221; row_border_radius=&#8221;none&#8221; row_border_radius_applies=&#8221;bg&#8221; overflow=&#8221;visible&#8221; advanced_gradient_angle=&#8221;0&#8243; overlay_strength=&#8221;0.3&#8243; gradient_direction=&#8221;left_to_right&#8221; shape_divider_position=&#8221;bottom&#8221; bg_image_animation=&#8221;none&#8221; gradient_type=&#8221;default&#8221; shape_type=&#8221;&#8221;][vc_column column_padding=&#8221;no-extra-padding&#8221; column_padding_tablet=&#8221;inherit&#8221; column_padding_phone=&#8221;inherit&#8221; column_padding_position=&#8221;all&#8221; column_element_spacing=&#8221;default&#8221; background_color_opacity=&#8221;1&#8243; background_hover_color_opacity=&#8221;1&#8243; column_shadow=&#8221;none&#8221; column_border_radius=&#8221;none&#8221; column_link_target=&#8221;_self&#8221; column_position=&#8221;default&#8221; gradient_direction=&#8221;left_to_right&#8221; overlay_strength=&#8221;0.3&#8243; width=&#8221;1\/1&#8243; tablet_width_inherit=&#8221;default&#8221; tablet_text_alignment=&#8221;default&#8221; phone_text_alignment=&#8221;default&#8221; animation_type=&#8221;default&#8221; bg_image_animation=&#8221;none&#8221; border_type=&#8221;simple&#8221; column_border_width=&#8221;none&#8221; column_border_style=&#8221;solid&#8221;][vc_column_text]Laudo y tutela judicial efectiva<br \/>\nEl Tribunal Superior de Justicia de Madrid anula un laudo por vulnerar el orden p\u00fablico al amparar \u00e9ste el derecho a la tutela judicial efectiva (art 24 CE)<\/p>\n<p>La sentencia del Tribunal Superior de Justicia de Madrid, Sala Civil y Penal, Secci\u00f3n Primera de 2 de julio de 2019, (sentencia) declara nulo un laudo, por ser entender que el mismo resulta contrario al orden p\u00fablico, al considerar opuestos a \u00e9ste las resoluciones que vulneren los derechos y libertades fundamentales reconocidos en la Constituci\u00f3n.<\/p>\n<p>Seg\u00fan el tribunal, en este caso se ha visto vulnerado el derecho a la tutela judicial efectiva (art 24 CE), consistente en obtener una resoluci\u00f3n motivada y en la exigencia de contener fundamentaci\u00f3n jur\u00eddica, para no resultar arbitraria. La sentencia califica como contradictoria la intensidad del hecho probado, con el razonamiento que lo eval\u00faa y, sobre tal base, entiende vulnerado el derecho fundamental antes mencionado y anula el laudo.<\/p>\n<p>Una vez m\u00e1s, el tribunal justifica su exceso en el alcance de su an\u00e1lisis de la acci\u00f3n de anulaci\u00f3n sopesando el derecho a la tutela judicial efectiva frente a la imposibilidad de que el TSJ revise, por sistema, el fondo del laudo en un juicio externo, como el de la acci\u00f3n de anulaci\u00f3n. En su opini\u00f3n, aqu\u00e9l prevalece sobre \u00e9sta.[\/vc_column_text][\/vc_column][\/vc_row]\n","protected":false},"excerpt":{"rendered":"<p>[vc_row type=&#8221;in_container&#8221; full_screen_row_position=&#8221;middle&#8221; column_margin=&#8221;default&#8221; column_direction=&#8221;default&#8221; column_direction_tablet=&#8221;default&#8221; column_direction_phone=&#8221;default&#8221; scene_position=&#8221;center&#8221; text_color=&#8221;dark&#8221; text_align=&#8221;left&#8221; row_border_radius=&#8221;none&#8221; row_border_radius_applies=&#8221;bg&#8221; overflow=&#8221;visible&#8221; advanced_gradient_angle=&#8221;0&#8243; overlay_strength=&#8221;0.3&#8243; gradient_direction=&#8221;left_to_right&#8221; shape_divider_position=&#8221;bottom&#8221; bg_image_animation=&#8221;none&#8221;&#8230;<\/p>\n","protected":false},"author":1,"featured_media":0,"comment_status":"closed","ping_status":"open","sticky":false,"template":"","format":"standard","meta":{"footnotes":""},"categories":[6],"tags":[],"class_list":{"0":"post-982","1":"post","2":"type-post","3":"status-publish","4":"format-standard","6":"category-news"},"yoast_head":"<!-- This site is optimized with the Yoast SEO plugin v27.5 - https:\/\/yoast.com\/product\/yoast-seo-wordpress\/ -->\n<title>Laudo y tutela judicial efectiva - Stampa Abogados<\/title>\n<meta name=\"robots\" content=\"index, follow, max-snippet:-1, max-image-preview:large, max-video-preview:-1\" \/>\n<link rel=\"canonical\" href=\"https:\/\/www.stampaabogados.com\/en\/news\/laudo-y-tutela-judicial-efectiva\/\" \/>\n<meta property=\"og:locale\" content=\"en_US\" \/>\n<meta property=\"og:type\" content=\"article\" \/>\n<meta property=\"og:title\" content=\"Laudo y tutela judicial efectiva - Stampa Abogados\" \/>\n<meta property=\"og:description\" content=\"[vc_row type=&#8221;in_container&#8221; full_screen_row_position=&#8221;middle&#8221; column_margin=&#8221;default&#8221; column_direction=&#8221;default&#8221; column_direction_tablet=&#8221;default&#8221; column_direction_phone=&#8221;default&#8221; scene_position=&#8221;center&#8221; text_color=&#8221;dark&#8221; text_align=&#8221;left&#8221; row_border_radius=&#8221;none&#8221; row_border_radius_applies=&#8221;bg&#8221; overflow=&#8221;visible&#8221; advanced_gradient_angle=&#8221;0&#8243; overlay_strength=&#8221;0.3&#8243; gradient_direction=&#8221;left_to_right&#8221; shape_divider_position=&#8221;bottom&#8221; bg_image_animation=&#8221;none&#8221;...\" \/>\n<meta property=\"og:url\" content=\"https:\/\/www.stampaabogados.com\/en\/news\/laudo-y-tutela-judicial-efectiva\/\" \/>\n<meta property=\"og:site_name\" content=\"Stampa Abogados\" \/>\n<meta property=\"article:published_time\" content=\"2019-09-16T14:58:02+00:00\" \/>\n<meta property=\"article:modified_time\" content=\"2022-07-02T14:59:03+00:00\" \/>\n<meta name=\"author\" content=\"jriosfernandez89@gmail.com\" \/>\n<meta name=\"twitter:card\" content=\"summary_large_image\" \/>\n<meta name=\"twitter:label1\" content=\"Written by\" \/>\n\t<meta name=\"twitter:data1\" content=\"jriosfernandez89@gmail.com\" \/>\n\t<meta name=\"twitter:label2\" content=\"Est. reading time\" \/>\n\t<meta name=\"twitter:data2\" content=\"2 minutes\" \/>\n<script type=\"application\/ld+json\" class=\"yoast-schema-graph\">{\"@context\":\"https:\\\/\\\/schema.org\",\"@graph\":[{\"@type\":\"Article\",\"@id\":\"https:\\\/\\\/www.stampaabogados.com\\\/en\\\/news\\\/laudo-y-tutela-judicial-efectiva\\\/#article\",\"isPartOf\":{\"@id\":\"https:\\\/\\\/www.stampaabogados.com\\\/en\\\/news\\\/laudo-y-tutela-judicial-efectiva\\\/\"},\"author\":{\"name\":\"jriosfernandez89@gmail.com\",\"@id\":\"https:\\\/\\\/www.stampaabogados.com\\\/en\\\/#\\\/schema\\\/person\\\/8dd1459876cf7ab6678229ed1c449f61\"},\"headline\":\"Laudo y tutela judicial efectiva\",\"datePublished\":\"2019-09-16T14:58:02+00:00\",\"dateModified\":\"2022-07-02T14:59:03+00:00\",\"mainEntityOfPage\":{\"@id\":\"https:\\\/\\\/www.stampaabogados.com\\\/en\\\/news\\\/laudo-y-tutela-judicial-efectiva\\\/\"},\"wordCount\":392,\"articleSection\":[\"News\"],\"inLanguage\":\"en-US\"},{\"@type\":\"WebPage\",\"@id\":\"https:\\\/\\\/www.stampaabogados.com\\\/en\\\/news\\\/laudo-y-tutela-judicial-efectiva\\\/\",\"url\":\"https:\\\/\\\/www.stampaabogados.com\\\/en\\\/news\\\/laudo-y-tutela-judicial-efectiva\\\/\",\"name\":\"Laudo y tutela judicial efectiva - Stampa Abogados\",\"isPartOf\":{\"@id\":\"https:\\\/\\\/www.stampaabogados.com\\\/en\\\/#website\"},\"datePublished\":\"2019-09-16T14:58:02+00:00\",\"dateModified\":\"2022-07-02T14:59:03+00:00\",\"author\":{\"@id\":\"https:\\\/\\\/www.stampaabogados.com\\\/en\\\/#\\\/schema\\\/person\\\/8dd1459876cf7ab6678229ed1c449f61\"},\"breadcrumb\":{\"@id\":\"https:\\\/\\\/www.stampaabogados.com\\\/en\\\/news\\\/laudo-y-tutela-judicial-efectiva\\\/#breadcrumb\"},\"inLanguage\":\"en-US\",\"potentialAction\":[{\"@type\":\"ReadAction\",\"target\":[\"https:\\\/\\\/www.stampaabogados.com\\\/en\\\/news\\\/laudo-y-tutela-judicial-efectiva\\\/\"]}]},{\"@type\":\"BreadcrumbList\",\"@id\":\"https:\\\/\\\/www.stampaabogados.com\\\/en\\\/news\\\/laudo-y-tutela-judicial-efectiva\\\/#breadcrumb\",\"itemListElement\":[{\"@type\":\"ListItem\",\"position\":1,\"name\":\"Home\",\"item\":\"https:\\\/\\\/www.stampaabogados.com\\\/en\\\/\"},{\"@type\":\"ListItem\",\"position\":2,\"name\":\"Laudo y tutela judicial efectiva\"}]},{\"@type\":\"WebSite\",\"@id\":\"https:\\\/\\\/www.stampaabogados.com\\\/en\\\/#website\",\"url\":\"https:\\\/\\\/www.stampaabogados.com\\\/en\\\/\",\"name\":\"Stampa Abogados\",\"description\":\"Despacho de abogados experto en arbitraje internacional, comercial y de inversiones, de disputas complejas sobre construcci\u00f3n e ingenier\u00eda.\",\"potentialAction\":[{\"@type\":\"SearchAction\",\"target\":{\"@type\":\"EntryPoint\",\"urlTemplate\":\"https:\\\/\\\/www.stampaabogados.com\\\/en\\\/?s={search_term_string}\"},\"query-input\":{\"@type\":\"PropertyValueSpecification\",\"valueRequired\":true,\"valueName\":\"search_term_string\"}}],\"inLanguage\":\"en-US\"},{\"@type\":\"Person\",\"@id\":\"https:\\\/\\\/www.stampaabogados.com\\\/en\\\/#\\\/schema\\\/person\\\/8dd1459876cf7ab6678229ed1c449f61\",\"name\":\"jriosfernandez89@gmail.com\",\"image\":{\"@type\":\"ImageObject\",\"inLanguage\":\"en-US\",\"@id\":\"https:\\\/\\\/secure.gravatar.com\\\/avatar\\\/8dead66bfdd651a7268412191b4a6fc24998fc5afa64350b99473f0ee06510f0?s=96&d=mm&r=g\",\"url\":\"https:\\\/\\\/secure.gravatar.com\\\/avatar\\\/8dead66bfdd651a7268412191b4a6fc24998fc5afa64350b99473f0ee06510f0?s=96&d=mm&r=g\",\"contentUrl\":\"https:\\\/\\\/secure.gravatar.com\\\/avatar\\\/8dead66bfdd651a7268412191b4a6fc24998fc5afa64350b99473f0ee06510f0?s=96&d=mm&r=g\",\"caption\":\"jriosfernandez89@gmail.com\"},\"sameAs\":[\"http:\\\/\\\/stampaabogados.com\"],\"url\":\"https:\\\/\\\/www.stampaabogados.com\\\/en\\\/author\\\/jriosfernandez89gmail-com\\\/\"}]}<\/script>\n<!-- \/ Yoast SEO plugin. -->","yoast_head_json":{"title":"Laudo y tutela judicial efectiva - Stampa Abogados","robots":{"index":"index","follow":"follow","max-snippet":"max-snippet:-1","max-image-preview":"max-image-preview:large","max-video-preview":"max-video-preview:-1"},"canonical":"https:\/\/www.stampaabogados.com\/en\/news\/laudo-y-tutela-judicial-efectiva\/","og_locale":"en_US","og_type":"article","og_title":"Laudo y tutela judicial efectiva - Stampa Abogados","og_description":"[vc_row type=&#8221;in_container&#8221; full_screen_row_position=&#8221;middle&#8221; column_margin=&#8221;default&#8221; column_direction=&#8221;default&#8221; column_direction_tablet=&#8221;default&#8221; column_direction_phone=&#8221;default&#8221; scene_position=&#8221;center&#8221; text_color=&#8221;dark&#8221; text_align=&#8221;left&#8221; row_border_radius=&#8221;none&#8221; row_border_radius_applies=&#8221;bg&#8221; overflow=&#8221;visible&#8221; advanced_gradient_angle=&#8221;0&#8243; overlay_strength=&#8221;0.3&#8243; gradient_direction=&#8221;left_to_right&#8221; shape_divider_position=&#8221;bottom&#8221; bg_image_animation=&#8221;none&#8221;...","og_url":"https:\/\/www.stampaabogados.com\/en\/news\/laudo-y-tutela-judicial-efectiva\/","og_site_name":"Stampa Abogados","article_published_time":"2019-09-16T14:58:02+00:00","article_modified_time":"2022-07-02T14:59:03+00:00","author":"jriosfernandez89@gmail.com","twitter_card":"summary_large_image","twitter_misc":{"Written by":"jriosfernandez89@gmail.com","Est. reading time":"2 minutes"},"schema":{"@context":"https:\/\/schema.org","@graph":[{"@type":"Article","@id":"https:\/\/www.stampaabogados.com\/en\/news\/laudo-y-tutela-judicial-efectiva\/#article","isPartOf":{"@id":"https:\/\/www.stampaabogados.com\/en\/news\/laudo-y-tutela-judicial-efectiva\/"},"author":{"name":"jriosfernandez89@gmail.com","@id":"https:\/\/www.stampaabogados.com\/en\/#\/schema\/person\/8dd1459876cf7ab6678229ed1c449f61"},"headline":"Laudo y tutela judicial efectiva","datePublished":"2019-09-16T14:58:02+00:00","dateModified":"2022-07-02T14:59:03+00:00","mainEntityOfPage":{"@id":"https:\/\/www.stampaabogados.com\/en\/news\/laudo-y-tutela-judicial-efectiva\/"},"wordCount":392,"articleSection":["News"],"inLanguage":"en-US"},{"@type":"WebPage","@id":"https:\/\/www.stampaabogados.com\/en\/news\/laudo-y-tutela-judicial-efectiva\/","url":"https:\/\/www.stampaabogados.com\/en\/news\/laudo-y-tutela-judicial-efectiva\/","name":"Laudo y tutela judicial efectiva - Stampa Abogados","isPartOf":{"@id":"https:\/\/www.stampaabogados.com\/en\/#website"},"datePublished":"2019-09-16T14:58:02+00:00","dateModified":"2022-07-02T14:59:03+00:00","author":{"@id":"https:\/\/www.stampaabogados.com\/en\/#\/schema\/person\/8dd1459876cf7ab6678229ed1c449f61"},"breadcrumb":{"@id":"https:\/\/www.stampaabogados.com\/en\/news\/laudo-y-tutela-judicial-efectiva\/#breadcrumb"},"inLanguage":"en-US","potentialAction":[{"@type":"ReadAction","target":["https:\/\/www.stampaabogados.com\/en\/news\/laudo-y-tutela-judicial-efectiva\/"]}]},{"@type":"BreadcrumbList","@id":"https:\/\/www.stampaabogados.com\/en\/news\/laudo-y-tutela-judicial-efectiva\/#breadcrumb","itemListElement":[{"@type":"ListItem","position":1,"name":"Home","item":"https:\/\/www.stampaabogados.com\/en\/"},{"@type":"ListItem","position":2,"name":"Laudo y tutela judicial efectiva"}]},{"@type":"WebSite","@id":"https:\/\/www.stampaabogados.com\/en\/#website","url":"https:\/\/www.stampaabogados.com\/en\/","name":"Stampa Abogados","description":"Despacho de abogados experto en arbitraje internacional, comercial y de inversiones, de disputas complejas sobre construcci\u00f3n e ingenier\u00eda.","potentialAction":[{"@type":"SearchAction","target":{"@type":"EntryPoint","urlTemplate":"https:\/\/www.stampaabogados.com\/en\/?s={search_term_string}"},"query-input":{"@type":"PropertyValueSpecification","valueRequired":true,"valueName":"search_term_string"}}],"inLanguage":"en-US"},{"@type":"Person","@id":"https:\/\/www.stampaabogados.com\/en\/#\/schema\/person\/8dd1459876cf7ab6678229ed1c449f61","name":"jriosfernandez89@gmail.com","image":{"@type":"ImageObject","inLanguage":"en-US","@id":"https:\/\/secure.gravatar.com\/avatar\/8dead66bfdd651a7268412191b4a6fc24998fc5afa64350b99473f0ee06510f0?s=96&d=mm&r=g","url":"https:\/\/secure.gravatar.com\/avatar\/8dead66bfdd651a7268412191b4a6fc24998fc5afa64350b99473f0ee06510f0?s=96&d=mm&r=g","contentUrl":"https:\/\/secure.gravatar.com\/avatar\/8dead66bfdd651a7268412191b4a6fc24998fc5afa64350b99473f0ee06510f0?s=96&d=mm&r=g","caption":"jriosfernandez89@gmail.com"},"sameAs":["http:\/\/stampaabogados.com"],"url":"https:\/\/www.stampaabogados.com\/en\/author\/jriosfernandez89gmail-com\/"}]}},"_links":{"self":[{"href":"https:\/\/www.stampaabogados.com\/en\/wp-json\/wp\/v2\/posts\/982","targetHints":{"allow":["GET"]}}],"collection":[{"href":"https:\/\/www.stampaabogados.com\/en\/wp-json\/wp\/v2\/posts"}],"about":[{"href":"https:\/\/www.stampaabogados.com\/en\/wp-json\/wp\/v2\/types\/post"}],"author":[{"embeddable":true,"href":"https:\/\/www.stampaabogados.com\/en\/wp-json\/wp\/v2\/users\/1"}],"replies":[{"embeddable":true,"href":"https:\/\/www.stampaabogados.com\/en\/wp-json\/wp\/v2\/comments?post=982"}],"version-history":[{"count":2,"href":"https:\/\/www.stampaabogados.com\/en\/wp-json\/wp\/v2\/posts\/982\/revisions"}],"predecessor-version":[{"id":984,"href":"https:\/\/www.stampaabogados.com\/en\/wp-json\/wp\/v2\/posts\/982\/revisions\/984"}],"wp:attachment":[{"href":"https:\/\/www.stampaabogados.com\/en\/wp-json\/wp\/v2\/media?parent=982"}],"wp:term":[{"taxonomy":"category","embeddable":true,"href":"https:\/\/www.stampaabogados.com\/en\/wp-json\/wp\/v2\/categories?post=982"},{"taxonomy":"post_tag","embeddable":true,"href":"https:\/\/www.stampaabogados.com\/en\/wp-json\/wp\/v2\/tags?post=982"}],"curies":[{"name":"wp","href":"https:\/\/api.w.org\/{rel}","templated":true}]}}